{"id":1559,"date":"2023-06-09T13:05:04","date_gmt":"2023-06-09T13:05:04","guid":{"rendered":"https:\/\/noueixample.cat\/?p=1559"},"modified":"2024-07-17T21:24:09","modified_gmt":"2024-07-17T21:24:09","slug":"optica-campo","status":"publish","type":"post","link":"https:\/\/noueixample.cat\/index.php\/2023\/06\/09\/optica-campo\/","title":{"rendered":"\u00d2ptica Hospital\u00e0ria"},"content":{"rendered":"\n<p>La\u00a0<strong>\u00d3ptica Hospitalaria de<\/strong>\u00a0<strong>Barcelona\u00a0<\/strong>est\u00e1 situada en uno de los prinipales centros neur\u00e1lgicos de la ciudad condal, en el Carrer de Proven\u00e7a, n\u00ba 75, en el Eixample. En \u00d3ptica Hospitalaria Barcelona, nuestro equipo de profesionales altamente cualificados se dedica a ofrecer un servicio personalizado y de alta calidad para atender todas tus necesidades visuales y auditivas.<\/p>\n\n\n\n<p><strong>Atenci\u00f3n personalizada:<\/strong><\/p>\n\n\n\n<ul class=\"wp-block-list\">\n<li><strong>Ex\u00e1menes visuales completos:<\/strong>&nbsp;Evaluamos tu salud visual en profundidad para determinar la mejor soluci\u00f3n para tus necesidades.<\/li>\n\n\n\n<li><strong>Selecci\u00f3n de monturas y lentes:<\/strong>&nbsp;Te asesoramos en la elecci\u00f3n de la montura y las lentes que mejor se adapten a tu estilo y necesidades visuales.<\/li>\n\n\n\n<li><strong>Adaptaci\u00f3n de lentes de contacto:<\/strong>&nbsp;Ofrecemos una amplia gama de lentes de contacto para todas las necesidades,&nbsp;incluyendo miop\u00eda,&nbsp;astigmatismo,&nbsp;hipermetrop\u00eda,&nbsp;multifocales y lentes especiales para queratocono.<\/li>\n\n\n\n<li><strong>Control de la miop\u00eda:<\/strong>&nbsp;Te ayudamos a controlar la progresi\u00f3n de la miop\u00eda con t\u00e9cnicas como las lentes Orto-K.<\/li>\n<\/ul>\n\n\n\n<p><strong>Amplia gama de productos:<\/strong><\/p>\n\n\n\n<ul class=\"wp-block-list\">\n<li><strong><a href=\"https:\/\/opticahospitalaria.com\/gafas-graduadas\">Gafas graduadas<\/a>:<\/strong>&nbsp;Encontrar\u00e1s una gran variedad de monturas de las mejores marcas para que encuentres la que mejor se adapte a tu estilo.<\/li>\n\n\n\n<li><strong><a href=\"https:\/\/opticahospitalaria.com\/lentillas\">Lentes de contacto<\/a>:<\/strong>&nbsp;Contamos con lentes de contacto de \u00faltima generaci\u00f3n para todas las necesidades y correcciones visuales.<\/li>\n\n\n\n<li><strong><a href=\"https:\/\/opticahospitalaria.com\/gafas-de-sol\">Gafas de sol<\/a>:<\/strong>&nbsp;Te ofrecemos una amplia selecci\u00f3n de gafas de sol de las marcas m\u00e1s reconocidas, con protecci\u00f3n UV para tus ojos y una gran variedad de estilos.<\/li>\n\n\n\n<li><strong>Accesorios para el cuidado ocular:<\/strong>&nbsp;Encontrar\u00e1s todo lo que necesitas para el cuidado de tus gafas y lentes de contacto, como gotas, gamuzas antivaho, entre otros accesorios.<\/li>\n<\/ul>\n\n\n\n<p><strong>Servicios adicionales:<\/strong><\/p>\n\n\n\n<ul class=\"wp-block-list\">\n<li><strong>Terapia visual:<\/strong>&nbsp;Te ayudamos a corregir o mejorar disfunciones binoculares o acomodativas mediante m\u00e9todos tradicionales o con la innovadora tecnolog\u00eda 3D Wivi.<\/li>\n\n\n\n<li><strong>Audiolog\u00eda:<\/strong>&nbsp;Ofrecemos soluciones personalizadas para mejorar tu audici\u00f3n con&nbsp;<a href=\"https:\/\/opticahospitalaria.com\/audifonos\"><strong>aud\u00edfonos<\/strong><\/a>&nbsp;de \u00faltima tecnolog\u00eda.<\/li>\n<\/ul>\n\n\n\n<p><strong>Horaris de consulta<\/strong> : De\u00a0lunes a s\u00e1bado:\u00a09:30 a 14:00\u00a0y\u00a016:30 a 20:00<br><strong>Correu electr\u00f2nic:<\/strong> <a href=\"hola@opticahospitalaria.com\">hola@opticahospitalaria.com<\/a><\/p>\n\n\n\n<p><strong>Web:<\/strong> <a href=\"https:\/\/opticahospitalaria.com\/\">https:\/\/opticahospitalaria.com\/<\/a><br><strong>Adre\u00e7a:<\/strong> Carrer Proven\u00e7a, 75, 08029 Barcelona<\/p>\n\n\n\n<p><strong>Localitzaci\u00f3<\/strong>: <a href=\"https:\/\/maps.app.goo.gl\/iiNBC7vyphpUHXvz9\">https:\/\/maps.app.goo.gl\/iiNBC7vyphpUHXvz9<\/a><br><strong>Tel\u00e8fon fix:<\/strong> 934 300 834<\/p>\n\n\n\n<figure class=\"wp-block-gallery has-nested-images columns-default is-cropped wp-block-gallery-1 is-layout-flex wp-block-gallery-is-layout-flex\">\n<figure class=\"wp-block-image size-full\"><img loading=\"lazy\" decoding=\"async\" width=\"553\" height=\"755\" data-id=\"1857\" src=\"https:\/\/noueixample.cat\/wp-content\/uploads\/2024\/07\/fachada-optica-hospitalaria-bcn.jpg\" alt=\"\" class=\"wp-image-1857\" srcset=\"https:\/\/noueixample.cat\/wp-content\/uploads\/2024\/07\/fachada-optica-hospitalaria-bcn.jpg 553w, https:\/\/noueixample.cat\/wp-content\/uploads\/2024\/07\/fachada-optica-hospitalaria-bcn-220x300.jpg 220w, https:\/\/noueixample.cat\/wp-content\/uploads\/2024\/07\/fachada-optica-hospitalaria-bcn-439x600.jpg 439w, https:\/\/noueixample.cat\/wp-content\/uploads\/2024\/07\/fachada-optica-hospitalaria-bcn-117x160.jpg 117w\" sizes=\"auto, (max-width: 553px) 100vw, 553px\" \/><\/figure>\n<\/figure>\n\n\n\n<figure class=\"wp-block-gallery has-nested-images columns-default is-cropped wp-block-gallery-2 is-layout-flex wp-block-gallery-is-layout-flex\">\n<figure class=\"wp-block-image size-full\"><img loading=\"lazy\" decoding=\"async\" width=\"603\" height=\"446\" data-id=\"1858\" src=\"https:\/\/noueixample.cat\/wp-content\/uploads\/2024\/07\/interior-optica-hospitalaria-bcn.jpg\" alt=\"\" class=\"wp-image-1858\" srcset=\"https:\/\/noueixample.cat\/wp-content\/uploads\/2024\/07\/interior-optica-hospitalaria-bcn.jpg 603w, https:\/\/noueixample.cat\/wp-content\/uploads\/2024\/07\/interior-optica-hospitalaria-bcn-300x222.jpg 300w, https:\/\/noueixample.cat\/wp-content\/uploads\/2024\/07\/interior-optica-hospitalaria-bcn-600x444.jpg 600w, https:\/\/noueixample.cat\/wp-content\/uploads\/2024\/07\/interior-optica-hospitalaria-bcn-216x160.jpg 216w\" sizes=\"auto, (max-width: 603px) 100vw, 603px\" \/><\/figure>\n\n\n\n<figure class=\"wp-block-image size-large\"><img loading=\"lazy\" decoding=\"async\" width=\"1024\" height=\"768\" data-id=\"1570\" src=\"https:\/\/noueixample.cat\/wp-content\/uploads\/2023\/06\/IMG_20230609_144552-1024x768.jpg\" alt=\"\" class=\"wp-image-1570\" srcset=\"https:\/\/noueixample.cat\/wp-content\/uploads\/2023\/06\/IMG_20230609_144552-1024x768.jpg 1024w, https:\/\/noueixample.cat\/wp-content\/uploads\/2023\/06\/IMG_20230609_144552-300x225.jpg 300w, https:\/\/noueixample.cat\/wp-content\/uploads\/2023\/06\/IMG_20230609_144552-768x576.jpg 768w, https:\/\/noueixample.cat\/wp-content\/uploads\/2023\/06\/IMG_20230609_144552-1536x1152.jpg 1536w, https:\/\/noueixample.cat\/wp-content\/uploads\/2023\/06\/IMG_20230609_144552-2048x1536.jpg 2048w, https:\/\/noueixample.cat\/wp-content\/uploads\/2023\/06\/IMG_20230609_144552-600x450.jpg 600w, https:\/\/noueixample.cat\/wp-content\/uploads\/2023\/06\/IMG_20230609_144552-213x160.jpg 213w\" sizes=\"auto, (max-width: 767px) 89vw, (max-width: 1000px) 54vw, (max-width: 1071px) 543px, 580px\" \/><\/figure>\n<\/figure>\n","protected":false},"excerpt":{"rendered":"<p>La\u00a0\u00d3ptica Hospitalaria de\u00a0Barcelona\u00a0est\u00e1 situada en uno de los prinipales centros neur\u00e1lgicos de la ciudad condal, en el Carrer de Proven\u00e7a, n\u00ba 75, en el Eixample. En \u00d3ptica Hospitalaria Barcelona, nuestro equipo de profesionales altamente cualificados se dedica a ofrecer un servicio personalizado y de alta calidad para atender todas tus necesidades visuales y auditivas. Atenci\u00f3n &hellip; <\/p>\n<p class=\"link-more\"><a href=\"https:\/\/noueixample.cat\/index.php\/2023\/06\/09\/optica-campo\/\" class=\"more-link\">Continuar leyendo<span class=\"screen-reader-text\"> \u00ab\u00d2ptica Hospital\u00e0ria\u00bb<\/span><\/a><\/p>\n","protected":false},"author":2,"featured_media":1859,"comment_status":"open","ping_status":"open","sticky":false,"template":"","format":"standard","meta":{"footnotes":""},"categories":[13,29,27],"tags":[],"class_list":["post-1559","post","type-post","status-publish","format-standard","has-post-thumbnail","hentry","category-establiments-associats","category-salut-estetica-veterinaria","category-serveis-professionals"],"_links":{"self":[{"href":"https:\/\/noueixample.cat\/index.php\/wp-json\/wp\/v2\/posts\/1559","targetHints":{"allow":["GET"]}}],"collection":[{"href":"https:\/\/noueixample.cat\/index.php\/wp-json\/wp\/v2\/posts"}],"about":[{"href":"https:\/\/noueixample.cat\/index.php\/wp-json\/wp\/v2\/types\/post"}],"author":[{"embeddable":true,"href":"https:\/\/noueixample.cat\/index.php\/wp-json\/wp\/v2\/users\/2"}],"replies":[{"embeddable":true,"href":"https:\/\/noueixample.cat\/index.php\/wp-json\/wp\/v2\/comments?post=1559"}],"version-history":[{"count":10,"href":"https:\/\/noueixample.cat\/index.php\/wp-json\/wp\/v2\/posts\/1559\/revisions"}],"predecessor-version":[{"id":1860,"href":"https:\/\/noueixample.cat\/index.php\/wp-json\/wp\/v2\/posts\/1559\/revisions\/1860"}],"wp:featuredmedia":[{"embeddable":true,"href":"https:\/\/noueixample.cat\/index.php\/wp-json\/wp\/v2\/media\/1859"}],"wp:attachment":[{"href":"https:\/\/noueixample.cat\/index.php\/wp-json\/wp\/v2\/media?parent=1559"}],"wp:term":[{"taxonomy":"category","embeddable":true,"href":"https:\/\/noueixample.cat\/index.php\/wp-json\/wp\/v2\/categories?post=1559"},{"taxonomy":"post_tag","embeddable":true,"href":"https:\/\/noueixample.cat\/index.php\/wp-json\/wp\/v2\/tags?post=1559"}],"curies":[{"name":"wp","href":"https:\/\/api.w.org\/{rel}","templated":true}]}}