{"id":1809,"date":"2024-05-02T14:19:47","date_gmt":"2024-05-02T14:19:47","guid":{"rendered":"https:\/\/noueixample.cat\/?p=1809"},"modified":"2024-05-02T19:53:21","modified_gmt":"2024-05-02T19:53:21","slug":"fira-comerc-europeu-de-proximitat","status":"publish","type":"post","link":"https:\/\/noueixample.cat\/index.php\/2024\/05\/02\/fira-comerc-europeu-de-proximitat\/","title":{"rendered":"Fira Comer\u00e7 Europeu de Proximitat"},"content":{"rendered":"\n<p>Amb motiu de la celraci\u00f3 del Dia Europeu del Comer\u00e7 deroximitat, hem oorganitzat la Fira Comer\u00e7 Europeu de Proximitat.<\/p>\n\n\n\n<p>La fira tindr\u00e0 lloc del 9 al 12 de maig de 2024.<\/p>\n\n\n\n<p>LLoc: Av. Josep Tarradellas entre Av. Sarri\u00e0 i C\/Gelabert. Barcelona.<\/p>\n\n\n\n<p>A la Fira trobar\u00e0s diferents productes, serveis i novetats de la m\u00e0 dels establiments comercials del barri, entitats socials, culturals i artesans. Presentaci\u00f3 i demostraci\u00f3 de productes. Zona de jocs infantils, inflables, tallers de manualitats. Animaci\u00f3 musical. Trobada de Country. M\u00fasica ambiental. Punt d\u2019Informaci\u00f3.<\/p>\n\n\n\n<p><strong>Horari de Fira<\/strong>:<\/p>\n\n\n\n<ul class=\"wp-block-list\">\n<li>Dijous 9 de maig a partir de les 12:00h fins les 21:00h. <\/li>\n\n\n\n<li>Divendres 10 de maig de 10:00h a les 21:00h. <\/li>\n\n\n\n<li>Dissabte 11 i diumenge 12 de maig de 10:00h a 21:00h. <\/li>\n<\/ul>\n\n\n\n<p>Vine a gaudir d&#8217;uns dies molt especials amb els amics i la fam\u00edlia.<\/p>\n\n\n<div class=\"wp-block-image\">\n<figure class=\"aligncenter size-large\"><img loading=\"lazy\" decoding=\"async\" width=\"683\" height=\"1024\" src=\"https:\/\/noueixample.cat\/wp-content\/uploads\/2024\/05\/Picsart_24-05-02_16-27-30-981-683x1024.jpg\" alt=\"\" class=\"wp-image-1812\" srcset=\"https:\/\/noueixample.cat\/wp-content\/uploads\/2024\/05\/Picsart_24-05-02_16-27-30-981-683x1024.jpg 683w, https:\/\/noueixample.cat\/wp-content\/uploads\/2024\/05\/Picsart_24-05-02_16-27-30-981-200x300.jpg 200w, https:\/\/noueixample.cat\/wp-content\/uploads\/2024\/05\/Picsart_24-05-02_16-27-30-981-768x1152.jpg 768w, https:\/\/noueixample.cat\/wp-content\/uploads\/2024\/05\/Picsart_24-05-02_16-27-30-981-1024x1536.jpg 1024w, https:\/\/noueixample.cat\/wp-content\/uploads\/2024\/05\/Picsart_24-05-02_16-27-30-981-400x600.jpg 400w, https:\/\/noueixample.cat\/wp-content\/uploads\/2024\/05\/Picsart_24-05-02_16-27-30-981-107x160.jpg 107w, https:\/\/noueixample.cat\/wp-content\/uploads\/2024\/05\/Picsart_24-05-02_16-27-30-981.jpg 1365w\" sizes=\"auto, (max-width: 683px) 100vw, 683px\" \/><\/figure>\n<\/div>","protected":false},"excerpt":{"rendered":"<p>Amb motiu de la celraci\u00f3 del Dia Europeu del Comer\u00e7 deroximitat, hem oorganitzat la Fira Comer\u00e7 Europeu de Proximitat. La fira tindr\u00e0 lloc del 9 al 12 de maig de 2024. LLoc: Av. Josep Tarradellas entre Av. Sarri\u00e0 i C\/Gelabert. Barcelona. A la Fira trobar\u00e0s diferents productes, serveis i novetats de la m\u00e0 dels establiments &hellip; <\/p>\n<p class=\"link-more\"><a href=\"https:\/\/noueixample.cat\/index.php\/2024\/05\/02\/fira-comerc-europeu-de-proximitat\/\" class=\"more-link\">Continuar leyendo<span class=\"screen-reader-text\"> \u00abFira Comer\u00e7 Europeu de Proximitat\u00bb<\/span><\/a><\/p>\n","protected":false},"author":2,"featured_media":1814,"comment_status":"open","ping_status":"open","sticky":false,"template":"","format":"standard","meta":{"footnotes":""},"categories":[15,33],"tags":[],"class_list":["post-1809","post","type-post","status-publish","format-standard","has-post-thumbnail","hentry","category-agenda-activitats","category-esdeveniments"],"_links":{"self":[{"href":"https:\/\/noueixample.cat\/index.php\/wp-json\/wp\/v2\/posts\/1809","targetHints":{"allow":["GET"]}}],"collection":[{"href":"https:\/\/noueixample.cat\/index.php\/wp-json\/wp\/v2\/posts"}],"about":[{"href":"https:\/\/noueixample.cat\/index.php\/wp-json\/wp\/v2\/types\/post"}],"author":[{"embeddable":true,"href":"https:\/\/noueixample.cat\/index.php\/wp-json\/wp\/v2\/users\/2"}],"replies":[{"embeddable":true,"href":"https:\/\/noueixample.cat\/index.php\/wp-json\/wp\/v2\/comments?post=1809"}],"version-history":[{"count":3,"href":"https:\/\/noueixample.cat\/index.php\/wp-json\/wp\/v2\/posts\/1809\/revisions"}],"predecessor-version":[{"id":1816,"href":"https:\/\/noueixample.cat\/index.php\/wp-json\/wp\/v2\/posts\/1809\/revisions\/1816"}],"wp:featuredmedia":[{"embeddable":true,"href":"https:\/\/noueixample.cat\/index.php\/wp-json\/wp\/v2\/media\/1814"}],"wp:attachment":[{"href":"https:\/\/noueixample.cat\/index.php\/wp-json\/wp\/v2\/media?parent=1809"}],"wp:term":[{"taxonomy":"category","embeddable":true,"href":"https:\/\/noueixample.cat\/index.php\/wp-json\/wp\/v2\/categories?post=1809"},{"taxonomy":"post_tag","embeddable":true,"href":"https:\/\/noueixample.cat\/index.php\/wp-json\/wp\/v2\/tags?post=1809"}],"curies":[{"name":"wp","href":"https:\/\/api.w.org\/{rel}","templated":true}]}}