{"id":2113,"date":"2025-09-10T10:44:39","date_gmt":"2025-09-10T10:44:39","guid":{"rendered":"https:\/\/noueixample.cat\/?p=2113"},"modified":"2025-09-10T10:44:40","modified_gmt":"2025-09-10T10:44:40","slug":"fira-fest-de-comerc-i-artesans-esquerra-eixample","status":"publish","type":"post","link":"https:\/\/noueixample.cat\/index.php\/2025\/09\/10\/fira-fest-de-comerc-i-artesans-esquerra-eixample\/","title":{"rendered":"FIRA FEST DE COMER\u00c7 I ARTESANS ESQUERRA EIXAMPLE"},"content":{"rendered":"\n<figure class=\"wp-block-image size-large\"><img loading=\"lazy\" decoding=\"async\" width=\"1017\" height=\"1024\" src=\"https:\/\/noueixample.cat\/wp-content\/uploads\/2025\/09\/Rules-1017x1024.jpg\" alt=\"\" class=\"wp-image-2114\" srcset=\"https:\/\/noueixample.cat\/wp-content\/uploads\/2025\/09\/Rules-1017x1024.jpg 1017w, https:\/\/noueixample.cat\/wp-content\/uploads\/2025\/09\/Rules-298x300.jpg 298w, https:\/\/noueixample.cat\/wp-content\/uploads\/2025\/09\/Rules-150x150.jpg 150w, https:\/\/noueixample.cat\/wp-content\/uploads\/2025\/09\/Rules-768x773.jpg 768w, https:\/\/noueixample.cat\/wp-content\/uploads\/2025\/09\/Rules-596x600.jpg 596w, https:\/\/noueixample.cat\/wp-content\/uploads\/2025\/09\/Rules-159x160.jpg 159w, https:\/\/noueixample.cat\/wp-content\/uploads\/2025\/09\/Rules-100x100.jpg 100w, https:\/\/noueixample.cat\/wp-content\/uploads\/2025\/09\/Rules.jpg 1192w\" sizes=\"auto, (max-width: 767px) 89vw, (max-width: 1000px) 54vw, (max-width: 1071px) 543px, 580px\" \/><\/figure>\n\n\n\n<p><\/p>\n\n\n\n<p>Dins de la celebraci\u00f3 de la Festa Major de l\u2019Esquerra de l\u2019Eixample, tindr\u00e0 lloc, un any m\u00e9s, la Fira Fest de Comer\u00e7 i Artesans. Del 3 al 5 octubre 2025. Als Jardins Montserrat entre Rocafort\/Rossell\u00f3 i C\/Rossell\u00f3 entre Rocafort\/Cal\u00e0bria. Barcelona.<br>Es tracta d&#8217;una fira de comer\u00e7 i artesans, on tamb\u00e9 participaran entitats socials i culturals. Adre\u00e7ada al p\u00fablic en general. Durant els tres dies es faran diferents activitats l\u00fadiques i de participaci\u00f3 per dinamitzar l&#8217;esdeveniment. Hi hauran uns jocs inflables i tallers diferents per al p\u00fablic m\u00e9s petit, perqu\u00e8 puguin gaudir d&#8217;una estona divertida. Hi haur\u00e0 una zona de picnic.<br>La finalitat de la fira \u00e9s que el comer\u00e7, empresa i serveis associats de proximitat s\u2019ofereixin d\u2019una manera diferent, din\u00e0mica i divertida per arribar al seu p\u00fablic, ve\u00efns, amics i visitants<\/p>\n\n\n\n<p>I<strong>NFO FIRA FEST<\/strong><br>DIES: del 3 al 5 d\u2019octubre de 2025<\/p>\n\n\n\n<p><br><strong>HORARI OBERT AL P\u00daBLIC<\/strong>:<br>\u00b7 Divendres 3 octubre de: 12:30h a 21:00h.<br>\u00b7 Dissabte 4 octubre de: 10:00h a 21:00h.<br>\u00b7 Diumenge 5 octubre: de 10:00h a 20:30h.<\/p>\n\n\n\n<p><strong>UBICACI\u00d3 FIRA<\/strong>: Jardins Montserrat entre Rocafort\/Rossell\u00f3 i C\/Rossell\u00f3 entre Rocafort\/Cal\u00e0bria. Barri de l&#8217;Esquerra de l&#8217;Eixample. Barcelona.<br><strong>Google Maps:<\/strong> 41.38545393388945, 2.145938869314043<\/p>\n\n\n\n<p><\/p>\n\n\n\n<p>El p\u00fablic assistent a la Fira Fest trobar\u00e0 un ampli ventall de diferents productes, serveis, i novetats de la m\u00e0 dels:<br>Establiments i professionals de diferents sectors comercials i artesans,<br>Entitats socials i culturals,<br>Establiments gastron\u00f2mics, degustacions de productes, presentaci\u00f3\/promoci\u00f3 de productes.<br>Demostracions de productes.<br>Zona de jocs i tallers infantils.<br>Animaci\u00f3 musical.<br>Punt d&#8217;Informaci\u00f3.<\/p>\n\n\n\n<p>La Fira estar\u00e0 amenitzada per la m\u00fasica ambiental. Programa de les activitats que es vagin realitzant durant tot el dia. El p\u00fablic es podr\u00e0 acostar al punt d&#8217;informaci\u00f3 per sol\u00b7licitar el programa d&#8217;activitats.<\/p>\n","protected":false},"excerpt":{"rendered":"<p>Dins de la celebraci\u00f3 de la Festa Major de l\u2019Esquerra de l\u2019Eixample, tindr\u00e0 lloc, un any m\u00e9s, la Fira Fest de Comer\u00e7 i Artesans. Del 3 al 5 octubre 2025. Als Jardins Montserrat entre Rocafort\/Rossell\u00f3 i C\/Rossell\u00f3 entre Rocafort\/Cal\u00e0bria. Barcelona.Es tracta d&#8217;una fira de comer\u00e7 i artesans, on tamb\u00e9 participaran entitats socials i culturals. Adre\u00e7ada &hellip; <\/p>\n<p class=\"link-more\"><a href=\"https:\/\/noueixample.cat\/index.php\/2025\/09\/10\/fira-fest-de-comerc-i-artesans-esquerra-eixample\/\" class=\"more-link\">Continuar leyendo<span class=\"screen-reader-text\"> \u00abFIRA FEST DE COMER\u00c7 I ARTESANS ESQUERRA EIXAMPLE\u00bb<\/span><\/a><\/p>\n","protected":false},"author":2,"featured_media":0,"comment_status":"open","ping_status":"open","sticky":false,"template":"","format":"standard","meta":{"footnotes":""},"categories":[15,33],"tags":[],"class_list":["post-2113","post","type-post","status-publish","format-standard","hentry","category-agenda-activitats","category-esdeveniments"],"_links":{"self":[{"href":"https:\/\/noueixample.cat\/index.php\/wp-json\/wp\/v2\/posts\/2113","targetHints":{"allow":["GET"]}}],"collection":[{"href":"https:\/\/noueixample.cat\/index.php\/wp-json\/wp\/v2\/posts"}],"about":[{"href":"https:\/\/noueixample.cat\/index.php\/wp-json\/wp\/v2\/types\/post"}],"author":[{"embeddable":true,"href":"https:\/\/noueixample.cat\/index.php\/wp-json\/wp\/v2\/users\/2"}],"replies":[{"embeddable":true,"href":"https:\/\/noueixample.cat\/index.php\/wp-json\/wp\/v2\/comments?post=2113"}],"version-history":[{"count":3,"href":"https:\/\/noueixample.cat\/index.php\/wp-json\/wp\/v2\/posts\/2113\/revisions"}],"predecessor-version":[{"id":2117,"href":"https:\/\/noueixample.cat\/index.php\/wp-json\/wp\/v2\/posts\/2113\/revisions\/2117"}],"wp:attachment":[{"href":"https:\/\/noueixample.cat\/index.php\/wp-json\/wp\/v2\/media?parent=2113"}],"wp:term":[{"taxonomy":"category","embeddable":true,"href":"https:\/\/noueixample.cat\/index.php\/wp-json\/wp\/v2\/categories?post=2113"},{"taxonomy":"post_tag","embeddable":true,"href":"https:\/\/noueixample.cat\/index.php\/wp-json\/wp\/v2\/tags?post=2113"}],"curies":[{"name":"wp","href":"https:\/\/api.w.org\/{rel}","templated":true}]}}