{"id":2252,"date":"2025-12-02T10:35:00","date_gmt":"2025-12-02T10:35:00","guid":{"rendered":"https:\/\/noueixample.cat\/?p=2252"},"modified":"2025-12-12T15:15:34","modified_gmt":"2025-12-12T15:15:34","slug":"fira-de-nadal-de-comerc-i-artesans-als-jardins-montserrat-2","status":"publish","type":"post","link":"https:\/\/noueixample.cat\/index.php\/2025\/12\/02\/fira-de-nadal-de-comerc-i-artesans-als-jardins-montserrat-2\/","title":{"rendered":"Fira de Nadal de Comer\u00e7 i Artesans als Jardins Montserrat"},"content":{"rendered":"\n<figure class=\"wp-block-image size-large\"><img loading=\"lazy\" decoding=\"async\" width=\"683\" height=\"1024\" src=\"https:\/\/noueixample.cat\/wp-content\/uploads\/2025\/12\/1000047014-683x1024.jpg\" alt=\"\" class=\"wp-image-2263\" srcset=\"https:\/\/noueixample.cat\/wp-content\/uploads\/2025\/12\/1000047014-683x1024.jpg 683w, https:\/\/noueixample.cat\/wp-content\/uploads\/2025\/12\/1000047014-200x300.jpg 200w, https:\/\/noueixample.cat\/wp-content\/uploads\/2025\/12\/1000047014-768x1152.jpg 768w, https:\/\/noueixample.cat\/wp-content\/uploads\/2025\/12\/1000047014-1024x1536.jpg 1024w, https:\/\/noueixample.cat\/wp-content\/uploads\/2025\/12\/1000047014-400x600.jpg 400w, https:\/\/noueixample.cat\/wp-content\/uploads\/2025\/12\/1000047014-107x160.jpg 107w, https:\/\/noueixample.cat\/wp-content\/uploads\/2025\/12\/1000047014.jpg 1080w\" sizes=\"auto, (max-width: 683px) 100vw, 683px\" \/><figcaption class=\"wp-element-caption\">FIRA NADAL DE COMER\u00c7 DEL 12 AL 14 DESEMBRE 2025<\/figcaption><\/figure>\n\n\n\n<p><\/p>\n\n\n\n<p class=\"has-white-color has-vivid-red-background-color has-text-color has-background has-link-color has-medium-font-size wp-elements-276e9ed7b5235b19c69963f2eb1679b3\"><strong>FIRA DE NADAL DE COMER\u00c7 I ARTESANS<\/strong><\/p>\n\n\n\n<p>Del 12 al 14 de desembre de 2025 tindr\u00e0 lloc la <strong>Fira de Nadal de Comer\u00e7 i Artesans<\/strong>&nbsp;<strong>als Jardins Montserrat entre Rocafort\/Rossell\u00f3.<\/strong> Esquerra Eixample. Barcelona.<\/p>\n\n\n\n<p>Esteu convidats\/des a passar uns dies molt especials amb la fam\u00edlia i els amics.<\/p>\n\n\n\n<p><strong>Horari obert al p\u00fablic<\/strong>:<\/p>\n\n\n\n<ul class=\"wp-block-list\">\n<li><strong>Divendres 12 de desembre<\/strong>:&nbsp;de 13:00h a 20:30h<\/li>\n\n\n\n<li><strong>Dissabte 13 de desembre<\/strong>:&nbsp;de 10:00h a 20:30h.&nbsp;<\/li>\n\n\n\n<li><strong>Diumenge 14 dedesembre:&nbsp;<\/strong>de 10:00h a 20:30h,<\/li>\n<\/ul>\n\n\n\n<p>El comer\u00e7 i l\u2019empresa de proximitat de l&#8217;Eix Comercial, l\u2019associaci\u00f3 de comerciants del barri,, ofereix una fira diferent, molt din\u00e0mica i divertida. All\u00e0 trobar\u00e0s un ampli ventall de diferents productes, serveis, i novetats de la m\u00e0 dels establiments i professionals de diferents sectors comercials i artesans, entitats socials i culturals, establiments d\u2019alimentaci\u00f3, demostracions de productes, zona de jocs i tallers infantils. Troba el regal m\u00e9s original, la decoraci\u00f3 nadalenca per gaudir aquestes festes i m\u00e9s.<\/p>\n\n\n\n<p><\/p>\n\n\n\n<p class=\"has-white-color has-vivid-green-cyan-background-color has-text-color has-background has-link-color wp-elements-bf539c9b47656d1dbe8b2f07cd8af356\"><strong>PROGRAMA ACTIVITATS FIRA NADAL DE COMER\u00c7 I ARTESANS<br>DEL 12 AL 14 DESEMBRE 2025. JARDINS MONTSERRAT ENTRE ROCAFORT\/ROSSELL\u00d3.<\/strong><\/p>\n\n\n\n<p>Durant tots els dies: Inflables per a nens i nenes. Demostraci\u00f3 de productes, novetats i m\u00e9s.<\/p>\n\n\n\n<p><strong>Divendres 12 desembre:<\/strong><br>De 18:30h a 19:30h Dissenya una Postal de Nadal i Jocs de Taula. Estand de Petit Pijama.<br>Photocall pel Sorteig de Nadal. Estand de Petit Pijama<\/p>\n\n\n\n<p>Tot el dia Taller infantil \u201cPinta la teva figura\u201d.<\/p>\n\n\n\n<p><strong>Dissabte 13 desembre<\/strong>:<br>D&#8217;11:30h a 14:00h Prepara la Carta Dels desitjos. Estand de Petit Pijama.<br>De 18:30h a 19:30h Dissenya una Postal de Nadal i Jocs de Taula.<br>Photocall pel Sorteig de Nadal. Estand de Petit Pijama<\/p>\n\n\n\n<p>16:00h a 18:00h Pinta i crea la teva pr\u00f2pia xapa de Nadal. Estand Alas de Mariposa.<\/p>\n\n\n\n<p> 17:30h a 19:30h Visita la Casa del Ti\u00f3. Vine a fer el Ti\u00f3 i emporta\u2019t el teu obsequi.<br>17:45h a 19:30h Berenar d\u2019abans per a tothom.Trosset de xocolata amb past\u00eds.<br>Tot el dia Taller infantil \u201cPinta la teva figura\u201d.<\/p>\n\n\n\n<p><strong>Diumenge 14 desembre:<\/strong><br>D&#8217;11:30h a 14:00h Pinta uns penjolls per l\u2019arbre de Nadal. Estand de Petit Pijama.<br>De 18:30h a 19:30h Prepara la Carta Dels desitjos.<br>Photocall pel Sorteig de Nadal. Estand de Petit Pijama<\/p>\n\n\n\n<p>11:00h a 13:00h Pinta i crea la teva pr\u00f2pia xapa de Nadal. Estand Alas de Mariposa.<br>16:00h a 18:00h Pinta i crea la teva pr\u00f2pia xapa de Nadal. Estand Alas de Mariposa.<br>12:00h a 14:00h Visita la Casa del Ti\u00f3. Vine a fer el Ti\u00f3 i emporta\u2019t el teu obsequi.<\/p>\n\n\n\n<p>Bones Festes!<\/p>\n\n\n\n<p><\/p>\n\n\n\n<figure class=\"wp-block-image size-large\"><img loading=\"lazy\" decoding=\"async\" width=\"683\" height=\"1024\" src=\"https:\/\/noueixample.cat\/wp-content\/uploads\/2025\/12\/1000046998-683x1024.jpg\" alt=\"\" class=\"wp-image-2261\" srcset=\"https:\/\/noueixample.cat\/wp-content\/uploads\/2025\/12\/1000046998-683x1024.jpg 683w, https:\/\/noueixample.cat\/wp-content\/uploads\/2025\/12\/1000046998-200x300.jpg 200w, https:\/\/noueixample.cat\/wp-content\/uploads\/2025\/12\/1000046998-768x1152.jpg 768w, https:\/\/noueixample.cat\/wp-content\/uploads\/2025\/12\/1000046998-1024x1536.jpg 1024w, https:\/\/noueixample.cat\/wp-content\/uploads\/2025\/12\/1000046998-400x600.jpg 400w, https:\/\/noueixample.cat\/wp-content\/uploads\/2025\/12\/1000046998-107x160.jpg 107w, https:\/\/noueixample.cat\/wp-content\/uploads\/2025\/12\/1000046998.jpg 1080w\" sizes=\"auto, (max-width: 683px) 100vw, 683px\" \/><\/figure>\n\n\n\n<p><\/p>\n","protected":false},"excerpt":{"rendered":"<p>FIRA DE NADAL DE COMER\u00c7 I ARTESANS Del 12 al 14 de desembre de 2025 tindr\u00e0 lloc la Fira de Nadal de Comer\u00e7 i Artesans&nbsp;als Jardins Montserrat entre Rocafort\/Rossell\u00f3. Esquerra Eixample. Barcelona. Esteu convidats\/des a passar uns dies molt especials amb la fam\u00edlia i els amics. Horari obert al p\u00fablic: El comer\u00e7 i l\u2019empresa de &hellip; <\/p>\n<p class=\"link-more\"><a href=\"https:\/\/noueixample.cat\/index.php\/2025\/12\/02\/fira-de-nadal-de-comerc-i-artesans-als-jardins-montserrat-2\/\" class=\"more-link\">Continuar leyendo<span class=\"screen-reader-text\"> \u00abFira de Nadal de Comer\u00e7 i Artesans als Jardins Montserrat\u00bb<\/span><\/a><\/p>\n","protected":false},"author":2,"featured_media":0,"comment_status":"open","ping_status":"open","sticky":false,"template":"","format":"standard","meta":{"footnotes":""},"categories":[1],"tags":[],"class_list":["post-2252","post","type-post","status-publish","format-standard","hentry","category-uncategorized"],"_links":{"self":[{"href":"https:\/\/noueixample.cat\/index.php\/wp-json\/wp\/v2\/posts\/2252","targetHints":{"allow":["GET"]}}],"collection":[{"href":"https:\/\/noueixample.cat\/index.php\/wp-json\/wp\/v2\/posts"}],"about":[{"href":"https:\/\/noueixample.cat\/index.php\/wp-json\/wp\/v2\/types\/post"}],"author":[{"embeddable":true,"href":"https:\/\/noueixample.cat\/index.php\/wp-json\/wp\/v2\/users\/2"}],"replies":[{"embeddable":true,"href":"https:\/\/noueixample.cat\/index.php\/wp-json\/wp\/v2\/comments?post=2252"}],"version-history":[{"count":4,"href":"https:\/\/noueixample.cat\/index.php\/wp-json\/wp\/v2\/posts\/2252\/revisions"}],"predecessor-version":[{"id":2264,"href":"https:\/\/noueixample.cat\/index.php\/wp-json\/wp\/v2\/posts\/2252\/revisions\/2264"}],"wp:attachment":[{"href":"https:\/\/noueixample.cat\/index.php\/wp-json\/wp\/v2\/media?parent=2252"}],"wp:term":[{"taxonomy":"category","embeddable":true,"href":"https:\/\/noueixample.cat\/index.php\/wp-json\/wp\/v2\/categories?post=2252"},{"taxonomy":"post_tag","embeddable":true,"href":"https:\/\/noueixample.cat\/index.php\/wp-json\/wp\/v2\/tags?post=2252"}],"curies":[{"name":"wp","href":"https:\/\/api.w.org\/{rel}","templated":true}]}}