{"id":31,"date":"2023-02-07T21:35:26","date_gmt":"2023-02-07T21:35:26","guid":{"rendered":"https:\/\/noueixample.cat\/?p=31"},"modified":"2023-05-08T16:04:14","modified_gmt":"2023-05-08T16:04:14","slug":"tens-un-establiment-comercial","status":"publish","type":"post","link":"https:\/\/noueixample.cat\/index.php\/2023\/02\/07\/tens-un-establiment-comercial\/","title":{"rendered":"Tens un establiment comercial?"},"content":{"rendered":"\n<p>Jo s\u00f3c comer\u00e7 associat. Jo formo part del teixit comercial actiu del meu barri.<\/p>\n\n\n\n<p>Si tens un establiment comercial o de restauraci\u00f3 al barri de l&#8217;Esquerra de l&#8217;Eixample coneix els serveis i avantatges que t&#8217;ofereix l&#8217;Eix Comercial Nou Eixample.<\/p>\n\n\n\n<p>Formar part del col.lectiu associat actiu, potencia el teu negoci.<\/p>\n\n\n\n<p><\/p>\n\n\n\n<h6 class=\"wp-block-heading\"><em>Busquem establiments de proximitat que vulguin ser part activa d\u2019un projecte de digitalitzaci\u00f3 i de visibilitat dels seus productes, serveis i de la seva marca. El nostre comprom\u00eds \u00e9s donar-te tot el suport necessari perqu\u00e8 aix\u00f2 passi.&nbsp; Si tens un establiment comercial, de productes o serveis, o un establiment de restauraci\u00f3 al barri de l\u2019Esquerra de l\u2019Eixample, som la teva eina. <\/em><\/h6>\n\n\n\n<p><\/p>\n\n\n\n<p class=\"has-pale-cyan-blue-background-color has-background has-medium-font-size\" style=\"font-style:normal;font-weight:600\"><em>Serveis que oferim als establiments associats:<\/em><\/p>\n\n\n\n<ul class=\"wp-block-list\">\n<li>Defensem i representem els teus interessos davant de les institucions.<\/li>\n\n\n\n<li>Informem sobre les not\u00edcies d&#8217;inter\u00e8s per al soci: actualitat, mesures a adoptar, horaris comercials, normatives, Superilla Barcelona, ordenan\u00e7a municipal sobre vetlladors &#8230;<\/li>\n\n\n\n<li>Oferim eines de promoci\u00f3 per al teu negoci.<\/li>\n\n\n\n<li>Creem sinergies entre els professionals de diferents sectors comercials per activar el teixit comercial.<\/li>\n\n\n\n<li>T\u2019informem i ajudem en temes de subvencions.<\/li>\n\n\n\n<li>Comptem amb el servei del Defensor del Client. Un servei de mediaci\u00f3 en conflictes de reclamacions de clients.<\/li>\n\n\n\n<li>Q de Qualitat. Cerca de l\u2019excel\u00b7l\u00e8ncia en el comer\u00e7 i restauraci\u00f3.<\/li>\n\n\n\n<li>Premis Comer\u00e7 Barcelona de la Fundaci\u00f3 Barcelona Comer\u00e7. Opta amb el teu negoci com a candidat\/a al&nbsp; Premi Comer\u00e7 Barcelona que se celebra anualment. Al 2023 hem celebrat la 19a edici\u00f3.<\/li>\n<\/ul>\n\n\n\n<p><strong>Comunicaci\u00f3 i promoci\u00f3. Pla d\u2019accions i de comunicaci\u00f3 anual.<\/strong><\/p>\n\n\n\n<ul class=\"wp-block-list\">\n<li>Campanyes de promoci\u00f3 comercial: sortejos, concursos, Fira d\u2019Estiu del Comer\u00e7, Fira de Comer\u00e7 per la Festa Major, Castaween, campanya de Nadal, i m\u00e9s.<\/li>\n\n\n\n<li>Sistema de fidelitzaci\u00f3 i de captaci\u00f3 de clients, sistema de promoci\u00f3 per als teus productes o serveis a trav\u00e9s de: <a href=\"https:\/\/eixospass.barcelona\/vista-associats\">https:\/\/eixospass.barcelona\/vista-associats<\/a><\/li>\n\n\n\n<li>Prioritat en la participaci\u00f3 de les activitats de l&#8217;associaci\u00f3: Fira d\u2019Estiu, Fira de Festa Major, Ruta de Plat i Tapa.<\/li>\n\n\n\n<li>Pres\u00e8ncia immediata al web corporatiu d\u2019ofertes de Nou Eixample. Blog personal del teu negoci.<\/li>\n\n\n\n<li>Difusi\u00f3 dels establiments associats al web corporatiu, xarxes socials i r\u00e0dio del comer\u00e7 de l\u2019Esquerra de l\u2019Eixample.<\/li>\n\n\n\n<li>Il\u00b7luminaci\u00f3 al Nadal dels carrers.<\/li>\n\n\n\n<li>Venda de Loteria de Nadal.<\/li>\n\n\n\n<li>Anagrama de senyalitzaci\u00f3 com a establiment associat.<\/li>\n\n\n\n<li>Nova via de comunicaci\u00f3 del comer\u00e7 i restauraci\u00f3 del barri de l\u2019Esquerra de l\u2019Eixample, a trav\u00e9s de la nostra pr\u00f2pia r\u00e0dio <a href=\"https:\/\/eixamplebarcelonaradio.com\/\">https:\/\/eixamplebarcelonaradio.com\/<\/a> per donar m\u00e9s visibilitat als nostres socis.<\/li>\n<\/ul>\n\n\n\n<p><strong>Descomptes<\/strong><\/p>\n\n\n\n<ul class=\"wp-block-list\">\n<li>Preu especial per al repartiment a domicili de productes, alimentaci\u00f3 i restauraci\u00f3, tamb\u00e9 servei de missatgeria.<\/li>\n\n\n\n<li>Descomptes en assegurances de salut, llar,&#8230;<\/li>\n\n\n\n<li>Oferim preus especials per als socis en campanya publicit\u00e0ria individual via p\u00e0gina web corporativa, xarxes socials. La campanya pot ser de 3 mesos, 6 mesos o 1 any.<\/li>\n\n\n\n<li>Neteja de grafitis en persianes (gratu\u00efta, segons campanya de l&#8217;Ajuntament de Barcelona).<\/li>\n\n\n\n<li>Sistema de fidelitzaci\u00f3 clients a trav\u00e9s d\u2019Eixos Pass Barcelona (gratu\u00eft).<\/li>\n<\/ul>\n\n\n\n<p><strong>Formaci\u00f3<\/strong><\/p>\n\n\n\n<ul class=\"wp-block-list\">\n<li>Cursos de formaci\u00f3 a trav\u00e9s de Barcelona Activa (gratu\u00eft).<\/li>\n\n\n\n<li>Servei d\u2019assessorament sobre la digitalitzaci\u00f3 del teu negoci (gratu\u00eft).<\/li>\n\n\n\n<li>Assessorament profesional sobre l\u2019exposici\u00f3 del producte i del teu aparador.<\/li>\n\n\n\n<li>Servei de Mistery&nbsp;Shopper, per a la millora de la teva activitat comercial.<\/li>\n\n\n\n<li>Servei de mediaci\u00f3, per a la defensa dels drets i reclamacions dels comerciants i professionals associats.<\/li>\n\n\n\n<li>Assessorament sobre la Llei de Protecci\u00f3 de Dades.<\/li>\n<\/ul>\n\n\n\n<p><\/p>\n\n\n\n<h3 class=\"has-pale-cyan-blue-background-color has-background has-medium-font-size wp-block-heading\" style=\"font-style:normal;font-weight:600\"><em>Com puc formar part de l\u2019eix comercial?.<\/em><\/h3>\n\n\n\n<h4 class=\"has-medium-font-size wp-block-heading\" style=\"text-transform:none\"><em><strong>Dues opcions:<\/strong><\/em><\/h4>\n\n\n\n<ol class=\"wp-block-list\" type=\"1\">\n<li><strong><u>Soci Total<\/u><\/strong>. Per poder gaudir dels avantatges de pert\u00e0nyer a un col\u00b7lectiu potent, has de formar part com a soci. A m\u00e9s, com a soci tindr\u00e0s un blog personal dins del web corporatiu <a href=\"https:\/\/noueixample.cat\/\">https:\/\/noueixample.cat\/<\/a> on gestionar\u00e0s les teves pr\u00f2pies promocions, novetats, productes, etc.<\/li>\n<\/ol>\n\n\n\n<ul class=\"wp-block-list\">\n<li><strong><u>Tarifa Soci Total amb tots els serveis inclosos<\/u><\/strong><strong>:<\/strong> <\/li>\n<\/ul>\n\n\n\n<ul class=\"wp-block-list\">\n<li>Pagament quota mensual (consultar).<\/li>\n<\/ul>\n\n\n\n<ul class=\"wp-block-list\">\n<li>Si contractes l\u2019any sencer, estalvies l\u2019import de dues quotes mensuals (consultar).<\/li>\n<\/ul>\n\n\n\n<p>Durant el primer any, el nou soci t\u00e9 acc\u00e9s gratu\u00eft a la participaci\u00f3 a una de les fires comercials que es fan al llarg de l\u2019any.<\/p>\n\n\n\n<ul class=\"wp-block-list\">\n<li>2. <strong><u>Soci Digital<\/u><\/strong>. Si nom\u00e9s vols triar l\u2019opci\u00f3 de publicitat, tenim el Pla de Publicitat i Comunicaci\u00f3 exclusiu per al teu negoci. T\u2019oferim una manera per promocionar el teu establiment comercial a un preu especial per als socis. Aqu\u00ed tens la informaci\u00f3:<\/li>\n<\/ul>\n\n\n\n<p><strong>Publicitat\/Comunicaci\u00f3 Combinada. <\/strong>Pres\u00e8ncia de la teva empresa o establiment a la p\u00e0gina web corporativa de l\u2019Eix Comercial Nou Eixample, amb una presentaci\u00f3\/descripci\u00f3 dels serveis o productes de l\u2019empresa, imatges, mapa, i <strong>logo. <\/strong>Creaci\u00f3 d\u2019un <strong>banner a la p\u00e0gina web<\/strong> amb enlla\u00e7 directe al web o xarxes socials de l\u2019empresa. El p\u00fablic objectiu \u00e9s la fam\u00edlia, joves, adults, gent gran. Ve\u00efns, clients i persones que treballen al barri, aix\u00ed com tots els socis que pertanyen a l\u2019eix comercial.<\/p>\n\n\n\n<p>Al Pla de Publicitat\/Comunicaci\u00f3, sabem que no disposes de temps per crear continguts per als teus productes o serveis, i crear campanyes per a les teves xarxes socials. Si ho necessites, nosaltres ho fem per tu. Amb continguts propis per a la teva empresa (<em>els continguts es tarifaran a part, segons el n\u00famero de paraules<\/em>).<\/p>\n\n\n\n<ul class=\"wp-block-list\">\n<li><strong><u>Tarifa Soci Digital.<\/u><\/strong><\/li>\n<\/ul>\n\n\n\n<p>*En cas de necessitar creaci\u00f3 i redacci\u00f3 de continguts, es tarifaran a part segons el n\u00famero de paraules.&nbsp;&nbsp; <strong>&nbsp;&nbsp;<\/strong>&nbsp;&nbsp;&nbsp;&nbsp;<\/p>\n\n\n\n<ol class=\"wp-block-list\" type=\"1\">\n<li>Pagament quota mensual (consultar).<\/li>\n\n\n\n<li>Si contractes l\u2019any sencer, estalvies l\u2019import de dues quotes mensuals (consultar). <\/li>\n<\/ol>\n\n\n\n<p><\/p>\n\n\n\n<p>Per rebre <strong>m\u00e9s informaci\u00f3<\/strong>, contacta amb nosaltres: <a href=\"https:\/\/noueixample.cat\/index.php\/contacte-2\/\">https:\/\/noueixample.cat\/index.php\/contacte-2\/<\/a><\/p>\n\n\n\n<p><\/p>\n\n\n<div class=\"wp-block-image\">\n<figure class=\"aligncenter size-large is-resized\"><img loading=\"lazy\" decoding=\"async\" src=\"https:\/\/noueixample.cat\/wp-content\/uploads\/2023\/05\/shutterstock_1913710408-1-1024x739.jpg\" alt=\"\" class=\"wp-image-1029\" width=\"570\" height=\"411\" srcset=\"https:\/\/noueixample.cat\/wp-content\/uploads\/2023\/05\/shutterstock_1913710408-1-1024x739.jpg 1024w, https:\/\/noueixample.cat\/wp-content\/uploads\/2023\/05\/shutterstock_1913710408-1-300x216.jpg 300w, https:\/\/noueixample.cat\/wp-content\/uploads\/2023\/05\/shutterstock_1913710408-1-768x554.jpg 768w, https:\/\/noueixample.cat\/wp-content\/uploads\/2023\/05\/shutterstock_1913710408-1-1536x1108.jpg 1536w, https:\/\/noueixample.cat\/wp-content\/uploads\/2023\/05\/shutterstock_1913710408-1-2048x1477.jpg 2048w, https:\/\/noueixample.cat\/wp-content\/uploads\/2023\/05\/shutterstock_1913710408-1-600x433.jpg 600w, https:\/\/noueixample.cat\/wp-content\/uploads\/2023\/05\/shutterstock_1913710408-1-222x160.jpg 222w\" sizes=\"auto, (max-width: 570px) 100vw, 570px\" \/><figcaption class=\"wp-element-caption\">Jo formo part de l&#8217;Eix Comercial Nou Eixample <\/figcaption><\/figure>\n<\/div>\n\n\n<p><\/p>\n","protected":false},"excerpt":{"rendered":"<p>Jo s\u00f3c comer\u00e7 associat. Jo formo part del teixit comercial actiu del meu barri. Si tens un establiment comercial o de restauraci\u00f3 al barri de l&#8217;Esquerra de l&#8217;Eixample coneix els serveis i avantatges que t&#8217;ofereix l&#8217;Eix Comercial Nou Eixample. Formar part del col.lectiu associat actiu, potencia el teu negoci. Busquem establiments de proximitat que vulguin &hellip; <\/p>\n<p class=\"link-more\"><a href=\"https:\/\/noueixample.cat\/index.php\/2023\/02\/07\/tens-un-establiment-comercial\/\" class=\"more-link\">Continuar leyendo<span class=\"screen-reader-text\"> \u00abTens un establiment comercial?\u00bb<\/span><\/a><\/p>\n","protected":false},"author":2,"featured_media":35,"comment_status":"open","ping_status":"open","sticky":false,"template":"","format":"standard","meta":{"footnotes":""},"categories":[16,14],"tags":[],"class_list":["post-31","post","type-post","status-publish","format-standard","has-post-thumbnail","hentry","category-feste-soci","category-promocions"],"_links":{"self":[{"href":"https:\/\/noueixample.cat\/index.php\/wp-json\/wp\/v2\/posts\/31","targetHints":{"allow":["GET"]}}],"collection":[{"href":"https:\/\/noueixample.cat\/index.php\/wp-json\/wp\/v2\/posts"}],"about":[{"href":"https:\/\/noueixample.cat\/index.php\/wp-json\/wp\/v2\/types\/post"}],"author":[{"embeddable":true,"href":"https:\/\/noueixample.cat\/index.php\/wp-json\/wp\/v2\/users\/2"}],"replies":[{"embeddable":true,"href":"https:\/\/noueixample.cat\/index.php\/wp-json\/wp\/v2\/comments?post=31"}],"version-history":[{"count":16,"href":"https:\/\/noueixample.cat\/index.php\/wp-json\/wp\/v2\/posts\/31\/revisions"}],"predecessor-version":[{"id":1035,"href":"https:\/\/noueixample.cat\/index.php\/wp-json\/wp\/v2\/posts\/31\/revisions\/1035"}],"wp:featuredmedia":[{"embeddable":true,"href":"https:\/\/noueixample.cat\/index.php\/wp-json\/wp\/v2\/media\/35"}],"wp:attachment":[{"href":"https:\/\/noueixample.cat\/index.php\/wp-json\/wp\/v2\/media?parent=31"}],"wp:term":[{"taxonomy":"category","embeddable":true,"href":"https:\/\/noueixample.cat\/index.php\/wp-json\/wp\/v2\/categories?post=31"},{"taxonomy":"post_tag","embeddable":true,"href":"https:\/\/noueixample.cat\/index.php\/wp-json\/wp\/v2\/tags?post=31"}],"curies":[{"name":"wp","href":"https:\/\/api.w.org\/{rel}","templated":true}]}}