{"id":507,"date":"2023-04-17T10:43:08","date_gmt":"2023-04-17T10:43:08","guid":{"rendered":"https:\/\/noueixample.cat\/?p=507"},"modified":"2023-04-17T10:43:09","modified_gmt":"2023-04-17T10:43:09","slug":"pura-vida-quiropractica","status":"publish","type":"post","link":"https:\/\/noueixample.cat\/index.php\/2023\/04\/17\/pura-vida-quiropractica\/","title":{"rendered":"Pura Vida Quiropr\u00e0ctica"},"content":{"rendered":"<div id=\"wppb-builder-container\" class=\"wppb-builder-container\">\n<h1 class=\"wp-block-heading\"><\/h1>\n\n\n\n<p>Tractaments quiropr\u00e0ctics. <\/p>\n\n\n\n<p>\u2026\u201dEn cas de malaltia revisi primer la columna\u201d\u2026 Hip\u00f2crates<\/p>\n\n\n\n<p>La nostra salut est\u00e0 directament relacionada amb l\u2019estat de la nostra columna vertebral. Degut a diferents tipus d\u2019estr\u00e8s que patim a diari, tots tenim a la nostra columna, a diferents nivells, vertebres desalineades. Aquestes vertebres poden pressionar les arrels nervioses que passen a trav\u00e9s d\u2019elles,&nbsp; provocant que l\u2019 informaci\u00f3 enviada pel cervell al cos i, del cos al cervell, no passi completa i correctament. Tard o d\u2019hora aquestes interfer\u00e8ncies es manifesten en forma de dolor, malaltia o de disfunci\u00f3. Un control quiropr\u00e0ctic determinar\u00e0 on estan les interfer\u00e8ncies del Sistema Nervi\u00f3s.<\/p>\n\n\n\n<p>Pura Vida \u00e9s un centre Quiropr\u00e0ctic dirigit per Boyce Kinnison, Doctor of Chiropractic, USA. El Dr. Kinnison t\u00e9 m\u00e9s de quinze anys d\u2019experi\u00e8ncia quiropr\u00e0ctica, els deu \u00faltims en la ciutat de Barcelona.&nbsp; Fortament comprom\u00e8s amb la seva professi\u00f3, va rebre el premi per la Parker University de Dallas per la seva feina con a difusor de la Quiropr\u00e0ctica al m\u00f3n. \u00c9s membre de l\u2019Associaci\u00f3 Espanyola de Quiropr\u00e0ctica (AEQ) i impulsor de la creaci\u00f3 de la primera universitat Quiropr\u00e0ctica de Catalunya, Barcelona College of Chiropractic (BCC).<\/p>\n\n\n\n<p>Els nostres pacients, persones de totes les edats, han trobat millora o soluci\u00f3 a:<\/p>\n\n\n\n<ul class=\"wp-block-list\">\n<li>mals de cap, d\u2019esquena i extremitats<\/li>\n\n\n\n<li>desajustos i patologies estructurals<\/li>\n\n\n\n<li>problemes digestius o d\u2019al\u00b7l\u00e8rgies<\/li>\n\n\n\n<li>estr\u00e9s<\/li>\n\n\n\n<li>insomni- fatiga \u2013fibromialgia<\/li>\n\n\n\n<li>ansietat \u2013 depressi\u00f3 i un llarg etc.<\/li>\n<\/ul>\n\n\n\n<p>Vols saber-ne m\u00e9s? Demana una primera visita i\/o participa en una de les nostres xerrades de salut gratu\u00eftes.<\/p>\n\n\n\n<p>Horaris de consulta : Dilluns de 16:00h a 20:00h. Dimarts de 9:30h a 11:30h i 16:00h a 20:00h. Dimecres de 16:00h a 20:00h. Dijous de 9:30h a 11:30h i 16:00h a 20:00h. Pots contactar amb nosaltres les 24h per email.<br><strong>Correu electr\u00f2nic:<\/strong>  <a href=\"qppuravida@gmail.com\">qppuravida@gmail.com<\/a><br><strong>P\u00e0gina web:<\/strong> <a rel=\"noreferrer noopener\" href=\"http:\/\/www.quiropracticapuravida.com\" target=\"_blank\">http:\/\/www.quiropracticapuravida.com<\/a><\/p>\n\n\n\n<p><strong>Adre\u00e7a:<\/strong> Calle Muntaner 87-89, Loc 2, 08036 Barcelona<\/p>\n\n\n\n<p>Localitzaci\u00f3:  https<a href=\"https:\/\/maps.app.goo.gl\/2cJMT8kzJinoi726A\">:\/\/maps.app.goo.gl\/2cJMT8kzJinoi726A<\/a><br><strong>Tel\u00e8fon fix:<\/strong> 934960893<\/p>\n\n\n\n<figure class=\"wp-block-image size-large is-resized\"><img loading=\"lazy\" decoding=\"async\" src=\"https:\/\/noueixample.cat\/wp-content\/uploads\/2023\/04\/Screenshot_20230417-1130252-1024x442.png\" alt=\"\" class=\"wp-image-520\" width=\"826\" height=\"356\" srcset=\"https:\/\/noueixample.cat\/wp-content\/uploads\/2023\/04\/Screenshot_20230417-1130252-1024x442.png 1024w, https:\/\/noueixample.cat\/wp-content\/uploads\/2023\/04\/Screenshot_20230417-1130252-300x129.png 300w, https:\/\/noueixample.cat\/wp-content\/uploads\/2023\/04\/Screenshot_20230417-1130252-768x331.png 768w, https:\/\/noueixample.cat\/wp-content\/uploads\/2023\/04\/Screenshot_20230417-1130252-600x259.png 600w, https:\/\/noueixample.cat\/wp-content\/uploads\/2023\/04\/Screenshot_20230417-1130252-280x121.png 280w, https:\/\/noueixample.cat\/wp-content\/uploads\/2023\/04\/Screenshot_20230417-1130252.png 1296w\" sizes=\"auto, (max-width: 767px) 89vw, (max-width: 1000px) 54vw, (max-width: 1071px) 543px, 580px\" \/><figcaption class=\"wp-element-caption\">Pura Vida Quiropr\u00e0ctica &#8211; Muntaner<\/figcaption><\/figure>\n\n\n\n<figure class=\"wp-block-gallery has-nested-images columns-default is-cropped wp-block-gallery-1 is-layout-flex wp-block-gallery-is-layout-flex\">\n<figure class=\"wp-block-image size-large\"><img loading=\"lazy\" decoding=\"async\" width=\"845\" height=\"439\" data-id=\"515\" src=\"https:\/\/noueixample.cat\/wp-content\/uploads\/2023\/04\/problemas_vertebrales_regresan.webp\" alt=\"\" class=\"wp-image-515\" srcset=\"https:\/\/noueixample.cat\/wp-content\/uploads\/2023\/04\/problemas_vertebrales_regresan.webp 845w, https:\/\/noueixample.cat\/wp-content\/uploads\/2023\/04\/problemas_vertebrales_regresan-300x156.webp 300w, https:\/\/noueixample.cat\/wp-content\/uploads\/2023\/04\/problemas_vertebrales_regresan-768x399.webp 768w, https:\/\/noueixample.cat\/wp-content\/uploads\/2023\/04\/problemas_vertebrales_regresan-600x312.webp 600w, https:\/\/noueixample.cat\/wp-content\/uploads\/2023\/04\/problemas_vertebrales_regresan-280x145.webp 280w\" sizes=\"auto, (max-width: 767px) 89vw, (max-width: 1000px) 54vw, (max-width: 1071px) 543px, 580px\" \/><\/figure>\n\n\n\n<figure class=\"wp-block-image size-large\"><img loading=\"lazy\" decoding=\"async\" width=\"845\" height=\"439\" data-id=\"517\" src=\"https:\/\/noueixample.cat\/wp-content\/uploads\/2023\/04\/sobrehueso.webp\" alt=\"\" class=\"wp-image-517\" srcset=\"https:\/\/noueixample.cat\/wp-content\/uploads\/2023\/04\/sobrehueso.webp 845w, https:\/\/noueixample.cat\/wp-content\/uploads\/2023\/04\/sobrehueso-300x156.webp 300w, https:\/\/noueixample.cat\/wp-content\/uploads\/2023\/04\/sobrehueso-768x399.webp 768w, https:\/\/noueixample.cat\/wp-content\/uploads\/2023\/04\/sobrehueso-600x312.webp 600w, https:\/\/noueixample.cat\/wp-content\/uploads\/2023\/04\/sobrehueso-280x145.webp 280w\" sizes=\"auto, (max-width: 767px) 89vw, (max-width: 1000px) 54vw, (max-width: 1071px) 543px, 580px\" \/><\/figure>\n\n\n\n<figure class=\"wp-block-image size-large\"><img loading=\"lazy\" decoding=\"async\" width=\"392\" height=\"128\" data-id=\"516\" src=\"https:\/\/noueixample.cat\/wp-content\/uploads\/2023\/04\/2Q.jpg\" alt=\"\" class=\"wp-image-516\" srcset=\"https:\/\/noueixample.cat\/wp-content\/uploads\/2023\/04\/2Q.jpg 392w, https:\/\/noueixample.cat\/wp-content\/uploads\/2023\/04\/2Q-300x98.jpg 300w, https:\/\/noueixample.cat\/wp-content\/uploads\/2023\/04\/2Q-280x91.jpg 280w\" sizes=\"auto, (max-width: 392px) 100vw, 392px\" \/><\/figure>\n<\/figure>\n<\/div>","protected":false},"excerpt":{"rendered":"<p>Tractaments quiropr\u00e0ctics. \u2026\u201dEn cas de malaltia revisi primer la columna\u201d\u2026 Hip\u00f2crates La nostra salut est\u00e0 directament relacionada amb l\u2019estat de la nostra columna vertebral. Degut a diferents tipus d\u2019estr\u00e8s que patim a diari, tots tenim a la nostra columna, a diferents nivells, vertebres desalineades. Aquestes vertebres poden pressionar les arrels nervioses que passen a trav\u00e9s &hellip; <\/p>\n<p class=\"link-more\"><a href=\"https:\/\/noueixample.cat\/index.php\/2023\/04\/17\/pura-vida-quiropractica\/\" class=\"more-link\">Continuar leyendo<span class=\"screen-reader-text\"> \u00abPura Vida Quiropr\u00e0ctica\u00bb<\/span><\/a><\/p>\n","protected":false},"author":2,"featured_media":525,"comment_status":"open","ping_status":"open","sticky":false,"template":"","format":"standard","meta":{"footnotes":""},"categories":[13,29],"tags":[],"class_list":["post-507","post","type-post","status-publish","format-standard","has-post-thumbnail","hentry","category-establiments-associats","category-salut-estetica-veterinaria"],"_links":{"self":[{"href":"https:\/\/noueixample.cat\/index.php\/wp-json\/wp\/v2\/posts\/507","targetHints":{"allow":["GET"]}}],"collection":[{"href":"https:\/\/noueixample.cat\/index.php\/wp-json\/wp\/v2\/posts"}],"about":[{"href":"https:\/\/noueixample.cat\/index.php\/wp-json\/wp\/v2\/types\/post"}],"author":[{"embeddable":true,"href":"https:\/\/noueixample.cat\/index.php\/wp-json\/wp\/v2\/users\/2"}],"replies":[{"embeddable":true,"href":"https:\/\/noueixample.cat\/index.php\/wp-json\/wp\/v2\/comments?post=507"}],"version-history":[{"count":12,"href":"https:\/\/noueixample.cat\/index.php\/wp-json\/wp\/v2\/posts\/507\/revisions"}],"predecessor-version":[{"id":524,"href":"https:\/\/noueixample.cat\/index.php\/wp-json\/wp\/v2\/posts\/507\/revisions\/524"}],"wp:featuredmedia":[{"embeddable":true,"href":"https:\/\/noueixample.cat\/index.php\/wp-json\/wp\/v2\/media\/525"}],"wp:attachment":[{"href":"https:\/\/noueixample.cat\/index.php\/wp-json\/wp\/v2\/media?parent=507"}],"wp:term":[{"taxonomy":"category","embeddable":true,"href":"https:\/\/noueixample.cat\/index.php\/wp-json\/wp\/v2\/categories?post=507"},{"taxonomy":"post_tag","embeddable":true,"href":"https:\/\/noueixample.cat\/index.php\/wp-json\/wp\/v2\/tags?post=507"}],"curies":[{"name":"wp","href":"https:\/\/api.w.org\/{rel}","templated":true}]}}