{"id":526,"date":"2023-04-17T14:45:19","date_gmt":"2023-04-17T14:45:19","guid":{"rendered":"https:\/\/noueixample.cat\/?p=526"},"modified":"2023-04-17T14:45:19","modified_gmt":"2023-04-17T14:45:19","slug":"mercat-del-ninot","status":"publish","type":"post","link":"https:\/\/noueixample.cat\/index.php\/2023\/04\/17\/mercat-del-ninot\/","title":{"rendered":"Mercat del Ninot"},"content":{"rendered":"\n<p>Mercat Municipal de l&#8217;Esquerra de l&#8217;Eixample. Al Mercat del Ninot amb m\u00e9s de 80 parades i mostradors vistosos, passadissos espaiosos i barres de degustaci\u00f3. Aqu\u00ed trobar\u00e0s el millor producte fresc, establiments de restauraci\u00f3 i desenes de parades exteriors amb roba, complements i productes per a la llar.<\/p>\n\n\n\n<p><br><strong>Horaris:\u00a0Mercat alimentari. <\/strong>De dilluns a divendres de 8:00h a 21:00h.Dissabte de 8:00h a 18:00h.<\/p>\n\n\n\n<p><strong>Parades exteriors. <\/strong>De dilluns a divendres de 9:00h a 20:00h.Dissabtes de 9:00h a 14:00h.<\/p>\n\n\n\n<p><strong>Servei a domicili. <\/strong>De dimarts a divendres de 9:00h a 14:00h i de 17:00h a 20:00h.Dissabtes de 9:00h a 14:00h.<\/p>\n\n\n\n<p><strong>Correu electr\u00f2nic:\u00a0<\/strong><a href=\"mailto:info@mercatdelninot.com\">info@mercatdelninot.com<\/a><br><strong>P\u00e0gina web:\u00a0<\/strong><a rel=\"noreferrer noopener\" href=\"http:\/\/www.mercatdelninot.com\/\" target=\"_blank\">http:\/\/www.mercatdelninot.com<\/a><\/p>\n\n\n\n<p><strong>Adre\u00e7a:<\/strong>\u00a0Carrer de Mallorca, 133-157, 08036 Barcelona<\/p>\n\n\n\n<p><strong>Localitzaci\u00f3:<\/strong> <a href=\"https:\/\/goo.gl\/maps\/zL8mrTGe5VVZ1VLSA\">https:\/\/goo.gl\/maps\/zL8mrTGe5VVZ1VLSA<\/a><br><strong>Tel\u00e8fon Punt d&#8217;informaci\u00f3:<\/strong> 93 323 49 09<\/p>\n\n\n\n<p><strong>Tel\u00e8fon Servei a domicili<\/strong>: 93 453 03 60<\/p>\n\n\n<div class=\"wp-block-image\">\n<figure class=\"aligncenter size-large is-resized\"><img loading=\"lazy\" decoding=\"async\" src=\"https:\/\/noueixample.cat\/wp-content\/uploads\/2023\/04\/photo7jpg-1024x871.jpg\" alt=\"\" class=\"wp-image-537\" width=\"746\" height=\"627\"\/><figcaption class=\"wp-element-caption\">Mercat del Ninot<\/figcaption><\/figure>\n<\/div>\n\n\n<figure class=\"wp-block-gallery has-nested-images columns-default is-cropped wp-block-gallery-1 is-layout-flex wp-block-gallery-is-layout-flex\">\n<figure class=\"wp-block-image size-full\"><img loading=\"lazy\" decoding=\"async\" width=\"800\" height=\"534\" data-id=\"540\" src=\"https:\/\/noueixample.cat\/wp-content\/uploads\/2023\/04\/151-03.jpg\" alt=\"\" class=\"wp-image-540\" srcset=\"https:\/\/noueixample.cat\/wp-content\/uploads\/2023\/04\/151-03.jpg 800w, https:\/\/noueixample.cat\/wp-content\/uploads\/2023\/04\/151-03-300x200.jpg 300w, https:\/\/noueixample.cat\/wp-content\/uploads\/2023\/04\/151-03-768x513.jpg 768w, https:\/\/noueixample.cat\/wp-content\/uploads\/2023\/04\/151-03-600x401.jpg 600w, https:\/\/noueixample.cat\/wp-content\/uploads\/2023\/04\/151-03-240x160.jpg 240w\" sizes=\"auto, (max-width: 767px) 89vw, (max-width: 1000px) 54vw, (max-width: 1071px) 543px, 580px\" \/><\/figure>\n\n\n\n<figure class=\"wp-block-image size-large\"><img loading=\"lazy\" decoding=\"async\" width=\"850\" height=\"567\" data-id=\"534\" src=\"https:\/\/noueixample.cat\/wp-content\/uploads\/2023\/04\/Mercat-Ninot-2.jpg\" alt=\"\" class=\"wp-image-534\" srcset=\"https:\/\/noueixample.cat\/wp-content\/uploads\/2023\/04\/Mercat-Ninot-2.jpg 850w, https:\/\/noueixample.cat\/wp-content\/uploads\/2023\/04\/Mercat-Ninot-2-300x200.jpg 300w, https:\/\/noueixample.cat\/wp-content\/uploads\/2023\/04\/Mercat-Ninot-2-768x512.jpg 768w, https:\/\/noueixample.cat\/wp-content\/uploads\/2023\/04\/Mercat-Ninot-2-600x400.jpg 600w, https:\/\/noueixample.cat\/wp-content\/uploads\/2023\/04\/Mercat-Ninot-2-240x160.jpg 240w\" sizes=\"auto, (max-width: 767px) 89vw, (max-width: 1000px) 54vw, (max-width: 1071px) 543px, 580px\" \/><\/figure>\n\n\n\n<figure class=\"wp-block-image size-large\"><img loading=\"lazy\" decoding=\"async\" width=\"683\" height=\"1024\" data-id=\"535\" src=\"https:\/\/noueixample.cat\/wp-content\/uploads\/2023\/04\/mercatdelninot-2019-683x1024.jpg\" alt=\"\" class=\"wp-image-535\" srcset=\"https:\/\/noueixample.cat\/wp-content\/uploads\/2023\/04\/mercatdelninot-2019-683x1024.jpg 683w, https:\/\/noueixample.cat\/wp-content\/uploads\/2023\/04\/mercatdelninot-2019-200x300.jpg 200w, https:\/\/noueixample.cat\/wp-content\/uploads\/2023\/04\/mercatdelninot-2019-768x1152.jpg 768w, https:\/\/noueixample.cat\/wp-content\/uploads\/2023\/04\/mercatdelninot-2019-400x600.jpg 400w, https:\/\/noueixample.cat\/wp-content\/uploads\/2023\/04\/mercatdelninot-2019-107x160.jpg 107w, https:\/\/noueixample.cat\/wp-content\/uploads\/2023\/04\/mercatdelninot-2019.jpg 770w\" sizes=\"auto, (max-width: 683px) 100vw, 683px\" \/><\/figure>\n<\/figure>\n","protected":false},"excerpt":{"rendered":"<p>Mercat Municipal de l&#8217;Esquerra de l&#8217;Eixample. Al Mercat del Ninot amb m\u00e9s de 80 parades i mostradors vistosos, passadissos espaiosos i barres de degustaci\u00f3. Aqu\u00ed trobar\u00e0s el millor producte fresc, establiments de restauraci\u00f3 i desenes de parades exteriors amb roba, complements i productes per a la llar. Horaris:\u00a0Mercat alimentari. De dilluns a divendres de 8:00h &hellip; <\/p>\n<p class=\"link-more\"><a href=\"https:\/\/noueixample.cat\/index.php\/2023\/04\/17\/mercat-del-ninot\/\" class=\"more-link\">Continuar leyendo<span class=\"screen-reader-text\"> \u00abMercat del Ninot\u00bb<\/span><\/a><\/p>\n","protected":false},"author":2,"featured_media":530,"comment_status":"open","ping_status":"open","sticky":false,"template":"","format":"standard","meta":{"footnotes":""},"categories":[31,23,24,13,28],"tags":[],"class_list":["post-526","post","type-post","status-publish","format-standard","has-post-thumbnail","hentry","category-alimentacio","category-equipament-llar","category-equipament-persona","category-establiments-associats","category-restauracio-celler"],"_links":{"self":[{"href":"https:\/\/noueixample.cat\/index.php\/wp-json\/wp\/v2\/posts\/526","targetHints":{"allow":["GET"]}}],"collection":[{"href":"https:\/\/noueixample.cat\/index.php\/wp-json\/wp\/v2\/posts"}],"about":[{"href":"https:\/\/noueixample.cat\/index.php\/wp-json\/wp\/v2\/types\/post"}],"author":[{"embeddable":true,"href":"https:\/\/noueixample.cat\/index.php\/wp-json\/wp\/v2\/users\/2"}],"replies":[{"embeddable":true,"href":"https:\/\/noueixample.cat\/index.php\/wp-json\/wp\/v2\/comments?post=526"}],"version-history":[{"count":5,"href":"https:\/\/noueixample.cat\/index.php\/wp-json\/wp\/v2\/posts\/526\/revisions"}],"predecessor-version":[{"id":541,"href":"https:\/\/noueixample.cat\/index.php\/wp-json\/wp\/v2\/posts\/526\/revisions\/541"}],"wp:featuredmedia":[{"embeddable":true,"href":"https:\/\/noueixample.cat\/index.php\/wp-json\/wp\/v2\/media\/530"}],"wp:attachment":[{"href":"https:\/\/noueixample.cat\/index.php\/wp-json\/wp\/v2\/media?parent=526"}],"wp:term":[{"taxonomy":"category","embeddable":true,"href":"https:\/\/noueixample.cat\/index.php\/wp-json\/wp\/v2\/categories?post=526"},{"taxonomy":"post_tag","embeddable":true,"href":"https:\/\/noueixample.cat\/index.php\/wp-json\/wp\/v2\/tags?post=526"}],"curies":[{"name":"wp","href":"https:\/\/api.w.org\/{rel}","templated":true}]}}