{"id":825,"date":"2023-05-03T08:04:54","date_gmt":"2023-05-03T08:04:54","guid":{"rendered":"https:\/\/noueixample.cat\/?p=825"},"modified":"2023-05-03T08:04:54","modified_gmt":"2023-05-03T08:04:54","slug":"dia-de-la-mare","status":"publish","type":"post","link":"https:\/\/noueixample.cat\/index.php\/2023\/05\/03\/dia-de-la-mare\/","title":{"rendered":"Dia de la Mare"},"content":{"rendered":"\n<p>Aquest diumenge 7 de maig celebrem el Dia de la Mare.<\/p>\n\n\n\n<p>Aquest dia i tots els dies s\u00f3n el dia de la nostra mare.<\/p>\n\n\n\n<p>La mare, una persona que sempre es troba en el moment just, amb les paraules justes i amb una atenci\u00f3, una dedicaci\u00f3 i un carinyo infinit. Gr\u00e0cies mare.\u00a0<\/p>\n\n\n\n<p>Regala originalitat comprant a les botigues de proximitat.<\/p>\n\n\n\n<p>Clica aqu\u00ed: <a href=\"https:\/\/noueixample.cat\/index.php\/category\/establiments-associats\/\">https:\/\/noueixample.cat\/index.php\/category\/establiments-associats\/<\/a><\/p>\n\n\n\n<p><\/p>\n\n\n\n<figure class=\"wp-block-image size-large\"><img loading=\"lazy\" decoding=\"async\" width=\"1024\" height=\"682\" src=\"https:\/\/noueixample.cat\/wp-content\/uploads\/2023\/05\/IMG-20230503-WA0000-1024x682.jpg\" alt=\"\" class=\"wp-image-826\" srcset=\"https:\/\/noueixample.cat\/wp-content\/uploads\/2023\/05\/IMG-20230503-WA0000-1024x682.jpg 1024w, https:\/\/noueixample.cat\/wp-content\/uploads\/2023\/05\/IMG-20230503-WA0000-300x200.jpg 300w, https:\/\/noueixample.cat\/wp-content\/uploads\/2023\/05\/IMG-20230503-WA0000-768x512.jpg 768w, https:\/\/noueixample.cat\/wp-content\/uploads\/2023\/05\/IMG-20230503-WA0000-1536x1023.jpg 1536w, https:\/\/noueixample.cat\/wp-content\/uploads\/2023\/05\/IMG-20230503-WA0000-600x400.jpg 600w, https:\/\/noueixample.cat\/wp-content\/uploads\/2023\/05\/IMG-20230503-WA0000-240x160.jpg 240w, https:\/\/noueixample.cat\/wp-content\/uploads\/2023\/05\/IMG-20230503-WA0000.jpg 1600w\" sizes=\"auto, (max-width: 767px) 89vw, (max-width: 1000px) 54vw, (max-width: 1071px) 543px, 580px\" \/><\/figure>\n","protected":false},"excerpt":{"rendered":"<p>Aquest diumenge 7 de maig celebrem el Dia de la Mare. Aquest dia i tots els dies s\u00f3n el dia de la nostra mare. La mare, una persona que sempre es troba en el moment just, amb les paraules justes i amb una atenci\u00f3, una dedicaci\u00f3 i un carinyo infinit. Gr\u00e0cies mare.\u00a0 Regala originalitat comprant &hellip; <\/p>\n<p class=\"link-more\"><a href=\"https:\/\/noueixample.cat\/index.php\/2023\/05\/03\/dia-de-la-mare\/\" class=\"more-link\">Continuar leyendo<span class=\"screen-reader-text\"> \u00abDia de la Mare\u00bb<\/span><\/a><\/p>\n","protected":false},"author":2,"featured_media":828,"comment_status":"open","ping_status":"open","sticky":false,"template":"","format":"standard","meta":{"footnotes":""},"categories":[12],"tags":[35,36,37],"class_list":["post-825","post","type-post","status-publish","format-standard","has-post-thumbnail","hentry","category-actualitat","tag-diadelamare","tag-regal","tag-shopping"],"_links":{"self":[{"href":"https:\/\/noueixample.cat\/index.php\/wp-json\/wp\/v2\/posts\/825","targetHints":{"allow":["GET"]}}],"collection":[{"href":"https:\/\/noueixample.cat\/index.php\/wp-json\/wp\/v2\/posts"}],"about":[{"href":"https:\/\/noueixample.cat\/index.php\/wp-json\/wp\/v2\/types\/post"}],"author":[{"embeddable":true,"href":"https:\/\/noueixample.cat\/index.php\/wp-json\/wp\/v2\/users\/2"}],"replies":[{"embeddable":true,"href":"https:\/\/noueixample.cat\/index.php\/wp-json\/wp\/v2\/comments?post=825"}],"version-history":[{"count":2,"href":"https:\/\/noueixample.cat\/index.php\/wp-json\/wp\/v2\/posts\/825\/revisions"}],"predecessor-version":[{"id":829,"href":"https:\/\/noueixample.cat\/index.php\/wp-json\/wp\/v2\/posts\/825\/revisions\/829"}],"wp:featuredmedia":[{"embeddable":true,"href":"https:\/\/noueixample.cat\/index.php\/wp-json\/wp\/v2\/media\/828"}],"wp:attachment":[{"href":"https:\/\/noueixample.cat\/index.php\/wp-json\/wp\/v2\/media?parent=825"}],"wp:term":[{"taxonomy":"category","embeddable":true,"href":"https:\/\/noueixample.cat\/index.php\/wp-json\/wp\/v2\/categories?post=825"},{"taxonomy":"post_tag","embeddable":true,"href":"https:\/\/noueixample.cat\/index.php\/wp-json\/wp\/v2\/tags?post=825"}],"curies":[{"name":"wp","href":"https:\/\/api.w.org\/{rel}","templated":true}]}}